{"id":428,"date":"2025-10-08T08:48:42","date_gmt":"2025-10-08T08:48:42","guid":{"rendered":"https:\/\/www.journalism-ethic.com\/der-pressesprecher-betreibt-journalismus\/"},"modified":"2025-10-10T13:08:07","modified_gmt":"2025-10-10T13:08:07","slug":"laddetto-stampa-fa-giornalismo","status":"publish","type":"post","link":"https:\/\/www.journalism-ethic.com\/it\/laddetto-stampa-fa-giornalismo\/","title":{"rendered":"L\u2019addetto stampa fa giornalismo"},"content":{"rendered":"<div  class='flex_column av-lpqaw-9b50ca659fd74a1f764d5a9644770f6c av_two_fifth  avia-builder-el-0  el_before_av_three_fifth  avia-builder-el-first  first flex_column_div  '     ><p>\n<style type=\"text\/css\" data-created_by=\"avia_inline_auto\" id=\"style-css-av-mghqvlcl-dc703f3a37420530bcbe1d7283617993\">\n.avia-image-container.av-mghqvlcl-dc703f3a37420530bcbe1d7283617993 img.avia_image{\nbox-shadow:none;\n}\n.avia-image-container.av-mghqvlcl-dc703f3a37420530bcbe1d7283617993 .av-image-caption-overlay-center{\ncolor:#ffffff;\n}\n<\/style>\n<div  class='avia-image-container av-mghqvlcl-dc703f3a37420530bcbe1d7283617993 av-styling- avia-align-center  avia-builder-el-1  el_before_av_textblock  avia-builder-el-first '   itemprop=\"image\" itemscope=\"itemscope\" itemtype=\"https:\/\/schema.org\/ImageObject\" ><div class=\"avia-image-container-inner\"><div class=\"avia-image-overlay-wrap\"><img decoding=\"async\" class='wp-image-465 avia-img-lazy-loading-not-465 avia_image ' src=\"https:\/\/www.journalism-ethic.com\/wp-content\/uploads\/2025\/10\/Der-Pressesprecher-betreibt-Journalismus2.jpg\" alt='' title='Der-Pressesprecher-betreibt-Journalismus2'  height=\"800\" width=\"564\"  itemprop=\"thumbnailUrl\" srcset=\"https:\/\/www.journalism-ethic.com\/wp-content\/uploads\/2025\/10\/Der-Pressesprecher-betreibt-Journalismus2.jpg 564w, https:\/\/www.journalism-ethic.com\/wp-content\/uploads\/2025\/10\/Der-Pressesprecher-betreibt-Journalismus2-212x300.jpg 212w, https:\/\/www.journalism-ethic.com\/wp-content\/uploads\/2025\/10\/Der-Pressesprecher-betreibt-Journalismus2-497x705.jpg 497w\" sizes=\"(max-width: 564px) 100vw, 564px\" \/><\/div><\/div><\/div><br \/>\n\n<style type=\"text\/css\" data-created_by=\"avia_inline_auto\" id=\"style-css-av-mghqwd5x-31e662f281255c93fed0f41a7b1eb452\">\n#top .av_textblock_section.av-mghqwd5x-31e662f281255c93fed0f41a7b1eb452 .avia_textblock{\nfont-size:12px;\n}\n<\/style>\n<section  class='av_textblock_section av-mghqwd5x-31e662f281255c93fed0f41a7b1eb452 '   itemscope=\"itemscope\" itemtype=\"https:\/\/schema.org\/BlogPosting\" itemprop=\"blogPost\" ><div class='avia_textblock'  itemprop=\"text\" ><p>(Libro: Talento e Metodo di G. Vizioli)<\/p>\n<\/div><\/section><\/p><\/div><div  class='flex_column av-efvls-f5022eec826ae161d320f5576e24b8fa av_three_fifth  avia-builder-el-3  el_after_av_two_fifth  el_before_av_social_share  flex_column_div  '     ><p>\n<style type=\"text\/css\" data-created_by=\"avia_inline_auto\" id=\"style-css-av-mghqv7t2-59bcc02d9333343e3f0cae4410f62371\">\n#top .av-special-heading.av-mghqv7t2-59bcc02d9333343e3f0cae4410f62371{\npadding-bottom:10px;\n}\nbody .av-special-heading.av-mghqv7t2-59bcc02d9333343e3f0cae4410f62371 .av-special-heading-tag .heading-char{\nfont-size:25px;\n}\n.av-special-heading.av-mghqv7t2-59bcc02d9333343e3f0cae4410f62371 .av-subheading{\nfont-size:21px;\n}\n<\/style>\n<div  class='av-special-heading av-mghqv7t2-59bcc02d9333343e3f0cae4410f62371 av-special-heading-h2 blockquote modern-quote  avia-builder-el-4  el_before_av_textblock  avia-builder-el-first '><h2 class='av-special-heading-tag'  itemprop=\"headline\"  >L\u2019addetto stampa fa giornalismo<\/h2><div class='av-subheading av-subheading_below'><p>(da \u201cTalento e Metodo: l\u2019Arte di Comunicare\u201d di Giorgio Vizioli, Editoriale Delfino, Milano, 2025)<\/p>\n<\/div><div class=\"special-heading-border\"><div class=\"special-heading-inner-border\"><\/div><\/div><\/div><br \/>\n<section  class='av_textblock_section av-mghquxfg-db20e360c8479b6ac406b810294db00e '   itemscope=\"itemscope\" itemtype=\"https:\/\/schema.org\/BlogPosting\" itemprop=\"blogPost\" ><div class='avia_textblock'  itemprop=\"text\" ><p><strong>L\u2019ufficio stampa<\/strong><\/p>\n<p>Per un addetto stampa, la prima regola, da non dimenticare mai, \u00e8 che fare ufficio stampa \u00e8 uno dei vari modi di fare il giornalista. Ci sono infatti molti tipi di giornalisti: non solo quelli della carta stampata e delle testate digitali, ma anche quelli della radio, della televisione, oltre a fotografi e cineoperatori, per non dimenticare i vignettisti. E i giornalisti ufficio stampa.<\/p>\n<p>Ci\u00f2 che distingue tra loro queste categorie \u00e8 senz\u2019altro il diverso modo di porre e proporre le notizie. Quello che li accomuna sono invece valori fondamentali come la correttezza, l\u2019onest\u00e0, il rispetto per il lavoro dei propri interlocutori (anch\u2019essi giornalisti), l\u2019attenzione ai destinatari finali delle informazioni. Sicuramente, l\u2019addetto stampa \u00e8 di parte, in quanto il suo ruolo \u00e8 quello di essere portavoce di un\u2019azienda, di una istituzione o di un\u2019associazione. Ma \u00e8 solo ricordando sempre, a s\u00e9 stessi e alla committenza, le regole base della deontologia professionale che potr\u00e0 fare bene il suo lavoro e ottenere i migliori risultati \u2013 in termini di visibilit\u00e0 di reputazione &#8211; anche e soprattutto per l\u2019organizzazione per la quale lavora.<\/p>\n<p><strong>La vera dote di un giornalista<\/strong><\/p>\n<p>La consapevolezza di essere un giornalista \u00e8 la prima dote di un buon addetto stampa.<\/p>\n<p>Troppo spesso i compiti di un ufficio stampa sono confusi con l\u2019attivit\u00e0 di marketing. Naturalmente, essendo il fine ultimo di un\u2019impresa quello di commercializzare i propri prodotti, anche l\u2019attivit\u00e0 di media relations deve essere finalizzata a questo obiettivo. Tuttavia, i percorsi, pur puntando alla medesima destinazione, sono diversi. Tanto \u00e8 vero che la funzione di addetto stampa \u00e8 considerata &#8211; ed \u00e8 &#8211; uno dei tanti modi di fare giornalismo.<\/p>\n<p>Il responsabile dell\u2019ufficio stampa infatti deve attenersi agli stessi principi che sono alla base del lavoro di ogni giornalista: correttezza dell\u2019informazione, verifica dei dati e delle notizie, impostazione fattuale senza eccesso di toni enfatici. I comunicati stampa non sono annunci pubblicitari.<\/p>\n<p><strong>Una buona comunicazione<\/strong><\/p>\n<p>Per una buona comunicazione con la stampa occorre una dote eminentemente giornalistica: il senso della notizia. \u00c8 necessario essere in grado di evincere, nell\u2019ambito della vita e dell\u2019attivit\u00e0 di un\u2019organizzazione, gli elementi che costituiscono effettivamente una notizia interessante, ossia la materia prima su cui si fondano i media (stampati e digitali). Si tratta di una dote che si acquisisce e si affina con la pratica, la lettura dei giornali e anche lo studio.<\/p>\n<p>Il mestiere di responsabile delle relazioni con la stampa \u00e8 quindi un ruolo che possiamo definire funzionalmente pre-giornalistico: occorre infatti proporre ai mezzi di comunicazione notizie che, se pubblicate, arricchiscano la pubblicazione e la rendano interessante per i lettori.<\/p>\n<p>Solo in questo modo si instaurer\u00e0 il meccanismo virtuoso &#8211; e corretto &#8211; per cui un giornale ben fatto e quindi ricco di notizie interessanti, anche grazie al lavoro di uffici stampa capaci di fare il proprio mestiere, sar\u00e0 apprezzato dai lettori, che pagheranno volentieri per leggerlo. E, di conseguenza, un giornale apprezzato dai lettori sar\u00e0 considerato un buon mezzo anche dalle agenzie di pubblicit\u00e0, che pianificheranno volentieri sulle sue pagine.<\/p>\n<p>Per ottenere la pubblicazione dei comunicati e delle notizie riguardanti la nostra azienda, quindi, \u00e8 indispensabile produrre una comunicazione di qualit\u00e0, che contribuisca a creare una buona reputazione nei confronti sia dei media sia dei lettori. Con il tempo e con il buon lavoro (tenace e intellettualmente onesto), il giornalista addetto stampa vedr\u00e0 la propria reputazione trasformarsi in fiducia professionale da parte dei colleghi delle redazioni, cosa che gli consentir\u00e0 di avere accesso a canali privilegiati.<\/p>\n<p>\u00c8 una strada lunga e non facile da percorrere, ma \u00e8 sicuramente l\u2019unica che conferisce valore e autorevolezza. L\u2019opzione alternativa, che consiste nell\u2019impostare il rapporto con i mezzi di comunicazione su un piano di interesse economico, \u00e8 invece di corto respiro e non porta a risultati di qualit\u00e0.<\/p>\n<p>L\u2019avvento dei nuovi media non ha cambiato questo scenario: la professionalit\u00e0 e il talento del comunicatore, sia pure espressi con strumenti differenti, e il rispetto della deontologia professionale sono sempre le uniche armi vincenti.<\/p>\n<p>Giorgio Vizioli<\/p>\n<\/div><\/section><\/p><\/div><\/p>\n<div  class='av-social-sharing-box av-145jk-8150bff691a19d5aaf1fd12c97fea922 av-social-sharing-box-default  avia-builder-el-6  el_after_av_three_fifth  avia-builder-el-last  av-social-sharing-box-fullwidth'><div class=\"av-share-box\"><h5 class='av-share-link-description av-no-toc '>SHARE IT!<\/h5><ul class=\"av-share-box-list noLightbox\"><li class='av-share-link av-social-link-facebook' ><a target=\"_blank\" aria-label=\"Condividi su Facebook\" href=\"https:\/\/www.facebook.com\/sharer.php?u=https:\/\/www.journalism-ethic.com\/it\/laddetto-stampa-fa-giornalismo\/&amp;t=L%E2%80%99addetto%20stampa%20fa%20giornalismo\" aria-hidden=\"false\" data-av_icon=\"\ue8f3\" data-av_iconfont=\"entypo-fontello\" title=\"\" data-avia-related-tooltip=\"Condividi su Facebook\" rel=\"noopener\"><span class='avia_hidden_link_text'>Condividi su Facebook<\/span><\/a><\/li><li class='av-share-link av-social-link-whatsapp' ><a target=\"_blank\" aria-label=\"Condividi su WhatsApp\" href=\"https:\/\/api.whatsapp.com\/send?text=https:\/\/www.journalism-ethic.com\/it\/laddetto-stampa-fa-giornalismo\/\" aria-hidden=\"false\" data-av_icon=\"\uf232\" data-av_iconfont=\"entypo-fontello\" title=\"\" data-avia-related-tooltip=\"Condividi su WhatsApp\" rel=\"noopener\"><span class='avia_hidden_link_text'>Condividi su WhatsApp<\/span><\/a><\/li><li class='av-share-link av-social-link-linkedin' ><a target=\"_blank\" aria-label=\"Condividi su LinkedIn\" href=\"https:\/\/linkedin.com\/shareArticle?mini=true&amp;title=L%E2%80%99addetto%20stampa%20fa%20giornalismo&amp;url=https:\/\/www.journalism-ethic.com\/it\/laddetto-stampa-fa-giornalismo\/\" aria-hidden=\"false\" data-av_icon=\"\ue8fc\" data-av_iconfont=\"entypo-fontello\" title=\"\" data-avia-related-tooltip=\"Condividi su LinkedIn\" rel=\"noopener\"><span class='avia_hidden_link_text'>Condividi su LinkedIn<\/span><\/a><\/li><li class='av-share-link av-social-link-mail' ><a  aria-label=\"Condividi attraverso Mail\" href='mailto:?subject=L%E2%80%99addetto%20stampa%20fa%20giornalismo&#038;body=https:\/\/www.journalism-ethic.com\/it\/laddetto-stampa-fa-giornalismo\/' aria-hidden='false' data-av_icon='\ue805' data-av_iconfont='entypo-fontello' title='' data-avia-related-tooltip='Condividi attraverso Mail'><span class='avia_hidden_link_text'>Condividi attraverso Mail<\/span><\/a><\/li><\/ul><\/div><\/div>\n","protected":false},"excerpt":{"rendered":"","protected":false},"author":2,"featured_media":426,"comment_status":"closed","ping_status":"open","sticky":false,"template":"","format":"standard","meta":{"footnotes":""},"categories":[2],"tags":[],"class_list":["post-428","post","type-post","status-publish","format-standard","has-post-thumbnail","hentry","category-news"],"yoast_head":"<!-- This site is optimized with the Yoast SEO plugin v28.4 - https:\/\/yoast.com\/product\/yoast-seo-wordpress\/ -->\n<title>L\u2019addetto stampa fa giornalismo - Giornalismo &amp; Etica<\/title>\n<meta name=\"description\" content=\"L\u2019addetto stampa fa giornalismo: Per un addetto stampa, la prima regola, da non dimenticare mai, \u00e8 che fare ufficio stampa \u00e8 uno dei vari ...\" \/>\n<meta name=\"robots\" content=\"noindex, follow\" \/>\n<meta property=\"og:locale\" content=\"it_IT\" \/>\n<meta property=\"og:type\" content=\"article\" \/>\n<meta property=\"og:title\" content=\"L\u2019addetto stampa fa giornalismo - Giornalismo &amp; Etica\" \/>\n<meta property=\"og:description\" content=\"L\u2019addetto stampa fa giornalismo: Per un addetto stampa, la prima regola, da non dimenticare mai, \u00e8 che fare ufficio stampa \u00e8 uno dei vari ...\" \/>\n<meta property=\"og:url\" content=\"https:\/\/www.journalism-ethic.com\/it\/laddetto-stampa-fa-giornalismo\/\" \/>\n<meta property=\"og:site_name\" content=\"Giornalismo &amp; Etica\" \/>\n<meta property=\"article:published_time\" content=\"2025-10-08T08:48:42+00:00\" \/>\n<meta property=\"article:modified_time\" content=\"2025-10-10T13:08:07+00:00\" \/>\n<meta property=\"og:image\" content=\"https:\/\/www.journalism-ethic.com\/wp-content\/uploads\/2025\/10\/Der-Pressesprecher-betreibt-Journalismus.jpg\" \/>\n\t<meta property=\"og:image:width\" content=\"1030\" \/>\n\t<meta property=\"og:image:height\" content=\"686\" \/>\n\t<meta property=\"og:image:type\" content=\"image\/jpeg\" \/>\n<meta name=\"author\" content=\"Massimo Marano\" \/>\n<meta name=\"twitter:card\" content=\"summary_large_image\" \/>\n<script type=\"application\/ld+json\" class=\"yoast-schema-graph\">{\"@context\":\"https:\\\/\\\/schema.org\",\"@graph\":[{\"@type\":\"Article\",\"@id\":\"https:\\\/\\\/www.journalism-ethic.com\\\/it\\\/laddetto-stampa-fa-giornalismo\\\/#article\",\"isPartOf\":{\"@id\":\"https:\\\/\\\/www.journalism-ethic.com\\\/it\\\/laddetto-stampa-fa-giornalismo\\\/\"},\"author\":{\"name\":\"Massimo Marano\",\"@id\":\"https:\\\/\\\/www.journalism-ethic.com\\\/it\\\/#\\\/schema\\\/person\\\/51780f6f2e6fc78cb152b50ad59c85aa\"},\"headline\":\"L\u2019addetto stampa fa giornalismo\",\"datePublished\":\"2025-10-08T08:48:42+00:00\",\"dateModified\":\"2025-10-10T13:08:07+00:00\",\"mainEntityOfPage\":{\"@id\":\"https:\\\/\\\/www.journalism-ethic.com\\\/it\\\/laddetto-stampa-fa-giornalismo\\\/\"},\"wordCount\":1964,\"publisher\":{\"@id\":\"https:\\\/\\\/www.journalism-ethic.com\\\/it\\\/#organization\"},\"image\":{\"@id\":\"https:\\\/\\\/www.journalism-ethic.com\\\/it\\\/laddetto-stampa-fa-giornalismo\\\/#primaryimage\"},\"thumbnailUrl\":\"https:\\\/\\\/www.journalism-ethic.com\\\/wp-content\\\/uploads\\\/2025\\\/10\\\/Der-Pressesprecher-betreibt-Journalismus.jpg\",\"articleSection\":[\"News\"],\"inLanguage\":\"it-IT\"},{\"@type\":\"WebPage\",\"@id\":\"https:\\\/\\\/www.journalism-ethic.com\\\/it\\\/laddetto-stampa-fa-giornalismo\\\/\",\"url\":\"https:\\\/\\\/www.journalism-ethic.com\\\/it\\\/laddetto-stampa-fa-giornalismo\\\/\",\"name\":\"L\u2019addetto stampa fa giornalismo - Giornalismo & Etica\",\"isPartOf\":{\"@id\":\"https:\\\/\\\/www.journalism-ethic.com\\\/it\\\/#website\"},\"primaryImageOfPage\":{\"@id\":\"https:\\\/\\\/www.journalism-ethic.com\\\/it\\\/laddetto-stampa-fa-giornalismo\\\/#primaryimage\"},\"image\":{\"@id\":\"https:\\\/\\\/www.journalism-ethic.com\\\/it\\\/laddetto-stampa-fa-giornalismo\\\/#primaryimage\"},\"thumbnailUrl\":\"https:\\\/\\\/www.journalism-ethic.com\\\/wp-content\\\/uploads\\\/2025\\\/10\\\/Der-Pressesprecher-betreibt-Journalismus.jpg\",\"datePublished\":\"2025-10-08T08:48:42+00:00\",\"dateModified\":\"2025-10-10T13:08:07+00:00\",\"description\":\"L\u2019addetto stampa fa giornalismo: Per un addetto stampa, la prima regola, da non dimenticare mai, \u00e8 che fare ufficio stampa \u00e8 uno dei vari ...\",\"breadcrumb\":{\"@id\":\"https:\\\/\\\/www.journalism-ethic.com\\\/it\\\/laddetto-stampa-fa-giornalismo\\\/#breadcrumb\"},\"inLanguage\":\"it-IT\",\"potentialAction\":[{\"@type\":\"ReadAction\",\"target\":[\"https:\\\/\\\/www.journalism-ethic.com\\\/it\\\/laddetto-stampa-fa-giornalismo\\\/\"]}]},{\"@type\":\"ImageObject\",\"inLanguage\":\"it-IT\",\"@id\":\"https:\\\/\\\/www.journalism-ethic.com\\\/it\\\/laddetto-stampa-fa-giornalismo\\\/#primaryimage\",\"url\":\"https:\\\/\\\/www.journalism-ethic.com\\\/wp-content\\\/uploads\\\/2025\\\/10\\\/Der-Pressesprecher-betreibt-Journalismus.jpg\",\"contentUrl\":\"https:\\\/\\\/www.journalism-ethic.com\\\/wp-content\\\/uploads\\\/2025\\\/10\\\/Der-Pressesprecher-betreibt-Journalismus.jpg\",\"width\":1030,\"height\":686,\"caption\":\"L\u2019addetto stampa fa giornalismo\"},{\"@type\":\"BreadcrumbList\",\"@id\":\"https:\\\/\\\/www.journalism-ethic.com\\\/it\\\/laddetto-stampa-fa-giornalismo\\\/#breadcrumb\",\"itemListElement\":[{\"@type\":\"ListItem\",\"position\":1,\"name\":\"Startseite\",\"item\":\"https:\\\/\\\/www.journalism-ethic.com\\\/it\\\/giornalismo-ed-etica\\\/\"},{\"@type\":\"ListItem\",\"position\":2,\"name\":\"L\u2019addetto stampa fa giornalismo\"}]},{\"@type\":\"WebSite\",\"@id\":\"https:\\\/\\\/www.journalism-ethic.com\\\/it\\\/#website\",\"url\":\"https:\\\/\\\/www.journalism-ethic.com\\\/it\\\/\",\"name\":\"Journalism & Ethic\",\"description\":\"Telefilm Film &amp; Communication\",\"publisher\":{\"@id\":\"https:\\\/\\\/www.journalism-ethic.com\\\/it\\\/#organization\"},\"potentialAction\":[{\"@type\":\"SearchAction\",\"target\":{\"@type\":\"EntryPoint\",\"urlTemplate\":\"https:\\\/\\\/www.journalism-ethic.com\\\/it\\\/?s={search_term_string}\"},\"query-input\":{\"@type\":\"PropertyValueSpecification\",\"valueRequired\":true,\"valueName\":\"search_term_string\"}}],\"inLanguage\":\"it-IT\"},{\"@type\":\"Organization\",\"@id\":\"https:\\\/\\\/www.journalism-ethic.com\\\/it\\\/#organization\",\"name\":\"Telefilm Film & Communication\",\"url\":\"https:\\\/\\\/www.journalism-ethic.com\\\/it\\\/\",\"logo\":{\"@type\":\"ImageObject\",\"inLanguage\":\"it-IT\",\"@id\":\"https:\\\/\\\/www.journalism-ethic.com\\\/it\\\/#\\\/schema\\\/logo\\\/image\\\/\",\"url\":\"https:\\\/\\\/www.journalism-ethic.com\\\/wp-content\\\/uploads\\\/2023\\\/07\\\/telefilm_logo-SEO-quadrat-2023.png\",\"contentUrl\":\"https:\\\/\\\/www.journalism-ethic.com\\\/wp-content\\\/uploads\\\/2023\\\/07\\\/telefilm_logo-SEO-quadrat-2023.png\",\"width\":700,\"height\":700,\"caption\":\"Telefilm Film & Communication\"},\"image\":{\"@id\":\"https:\\\/\\\/www.journalism-ethic.com\\\/it\\\/#\\\/schema\\\/logo\\\/image\\\/\"}},{\"@type\":\"Person\",\"@id\":\"https:\\\/\\\/www.journalism-ethic.com\\\/it\\\/#\\\/schema\\\/person\\\/51780f6f2e6fc78cb152b50ad59c85aa\",\"name\":\"Massimo Marano\",\"image\":{\"@type\":\"ImageObject\",\"inLanguage\":\"it-IT\",\"@id\":\"https:\\\/\\\/secure.gravatar.com\\\/avatar\\\/7ddd8ba0746db06b7c84942ad02477af09b2abfd2475de3bc2e392389009f56e?s=96&d=mm&r=g\",\"url\":\"https:\\\/\\\/secure.gravatar.com\\\/avatar\\\/7ddd8ba0746db06b7c84942ad02477af09b2abfd2475de3bc2e392389009f56e?s=96&d=mm&r=g\",\"contentUrl\":\"https:\\\/\\\/secure.gravatar.com\\\/avatar\\\/7ddd8ba0746db06b7c84942ad02477af09b2abfd2475de3bc2e392389009f56e?s=96&d=mm&r=g\",\"caption\":\"Massimo Marano\"},\"sameAs\":[\"https:\\\/\\\/www.journalism-ethic.com\\\/\"]}]}<\/script>\n<!-- \/ Yoast SEO plugin. -->","yoast_head_json":{"title":"L\u2019addetto stampa fa giornalismo - Giornalismo & Etica","description":"L\u2019addetto stampa fa giornalismo: Per un addetto stampa, la prima regola, da non dimenticare mai, \u00e8 che fare ufficio stampa \u00e8 uno dei vari ...","robots":{"index":"noindex","follow":"follow"},"og_locale":"it_IT","og_type":"article","og_title":"L\u2019addetto stampa fa giornalismo - Giornalismo & Etica","og_description":"L\u2019addetto stampa fa giornalismo: Per un addetto stampa, la prima regola, da non dimenticare mai, \u00e8 che fare ufficio stampa \u00e8 uno dei vari ...","og_url":"https:\/\/www.journalism-ethic.com\/it\/laddetto-stampa-fa-giornalismo\/","og_site_name":"Giornalismo & Etica","article_published_time":"2025-10-08T08:48:42+00:00","article_modified_time":"2025-10-10T13:08:07+00:00","og_image":[{"width":1030,"height":686,"url":"https:\/\/www.journalism-ethic.com\/wp-content\/uploads\/2025\/10\/Der-Pressesprecher-betreibt-Journalismus.jpg","type":"image\/jpeg"}],"author":"Massimo Marano","twitter_card":"summary_large_image","schema":{"@context":"https:\/\/schema.org","@graph":[{"@type":"Article","@id":"https:\/\/www.journalism-ethic.com\/it\/laddetto-stampa-fa-giornalismo\/#article","isPartOf":{"@id":"https:\/\/www.journalism-ethic.com\/it\/laddetto-stampa-fa-giornalismo\/"},"author":{"name":"Massimo Marano","@id":"https:\/\/www.journalism-ethic.com\/it\/#\/schema\/person\/51780f6f2e6fc78cb152b50ad59c85aa"},"headline":"L\u2019addetto stampa fa giornalismo","datePublished":"2025-10-08T08:48:42+00:00","dateModified":"2025-10-10T13:08:07+00:00","mainEntityOfPage":{"@id":"https:\/\/www.journalism-ethic.com\/it\/laddetto-stampa-fa-giornalismo\/"},"wordCount":1964,"publisher":{"@id":"https:\/\/www.journalism-ethic.com\/it\/#organization"},"image":{"@id":"https:\/\/www.journalism-ethic.com\/it\/laddetto-stampa-fa-giornalismo\/#primaryimage"},"thumbnailUrl":"https:\/\/www.journalism-ethic.com\/wp-content\/uploads\/2025\/10\/Der-Pressesprecher-betreibt-Journalismus.jpg","articleSection":["News"],"inLanguage":"it-IT"},{"@type":"WebPage","@id":"https:\/\/www.journalism-ethic.com\/it\/laddetto-stampa-fa-giornalismo\/","url":"https:\/\/www.journalism-ethic.com\/it\/laddetto-stampa-fa-giornalismo\/","name":"L\u2019addetto stampa fa giornalismo - Giornalismo & Etica","isPartOf":{"@id":"https:\/\/www.journalism-ethic.com\/it\/#website"},"primaryImageOfPage":{"@id":"https:\/\/www.journalism-ethic.com\/it\/laddetto-stampa-fa-giornalismo\/#primaryimage"},"image":{"@id":"https:\/\/www.journalism-ethic.com\/it\/laddetto-stampa-fa-giornalismo\/#primaryimage"},"thumbnailUrl":"https:\/\/www.journalism-ethic.com\/wp-content\/uploads\/2025\/10\/Der-Pressesprecher-betreibt-Journalismus.jpg","datePublished":"2025-10-08T08:48:42+00:00","dateModified":"2025-10-10T13:08:07+00:00","description":"L\u2019addetto stampa fa giornalismo: Per un addetto stampa, la prima regola, da non dimenticare mai, \u00e8 che fare ufficio stampa \u00e8 uno dei vari ...","breadcrumb":{"@id":"https:\/\/www.journalism-ethic.com\/it\/laddetto-stampa-fa-giornalismo\/#breadcrumb"},"inLanguage":"it-IT","potentialAction":[{"@type":"ReadAction","target":["https:\/\/www.journalism-ethic.com\/it\/laddetto-stampa-fa-giornalismo\/"]}]},{"@type":"ImageObject","inLanguage":"it-IT","@id":"https:\/\/www.journalism-ethic.com\/it\/laddetto-stampa-fa-giornalismo\/#primaryimage","url":"https:\/\/www.journalism-ethic.com\/wp-content\/uploads\/2025\/10\/Der-Pressesprecher-betreibt-Journalismus.jpg","contentUrl":"https:\/\/www.journalism-ethic.com\/wp-content\/uploads\/2025\/10\/Der-Pressesprecher-betreibt-Journalismus.jpg","width":1030,"height":686,"caption":"L\u2019addetto stampa fa giornalismo"},{"@type":"BreadcrumbList","@id":"https:\/\/www.journalism-ethic.com\/it\/laddetto-stampa-fa-giornalismo\/#breadcrumb","itemListElement":[{"@type":"ListItem","position":1,"name":"Startseite","item":"https:\/\/www.journalism-ethic.com\/it\/giornalismo-ed-etica\/"},{"@type":"ListItem","position":2,"name":"L\u2019addetto stampa fa giornalismo"}]},{"@type":"WebSite","@id":"https:\/\/www.journalism-ethic.com\/it\/#website","url":"https:\/\/www.journalism-ethic.com\/it\/","name":"Journalism & Ethic","description":"Telefilm Film &amp; Communication","publisher":{"@id":"https:\/\/www.journalism-ethic.com\/it\/#organization"},"potentialAction":[{"@type":"SearchAction","target":{"@type":"EntryPoint","urlTemplate":"https:\/\/www.journalism-ethic.com\/it\/?s={search_term_string}"},"query-input":{"@type":"PropertyValueSpecification","valueRequired":true,"valueName":"search_term_string"}}],"inLanguage":"it-IT"},{"@type":"Organization","@id":"https:\/\/www.journalism-ethic.com\/it\/#organization","name":"Telefilm Film & Communication","url":"https:\/\/www.journalism-ethic.com\/it\/","logo":{"@type":"ImageObject","inLanguage":"it-IT","@id":"https:\/\/www.journalism-ethic.com\/it\/#\/schema\/logo\/image\/","url":"https:\/\/www.journalism-ethic.com\/wp-content\/uploads\/2023\/07\/telefilm_logo-SEO-quadrat-2023.png","contentUrl":"https:\/\/www.journalism-ethic.com\/wp-content\/uploads\/2023\/07\/telefilm_logo-SEO-quadrat-2023.png","width":700,"height":700,"caption":"Telefilm Film & Communication"},"image":{"@id":"https:\/\/www.journalism-ethic.com\/it\/#\/schema\/logo\/image\/"}},{"@type":"Person","@id":"https:\/\/www.journalism-ethic.com\/it\/#\/schema\/person\/51780f6f2e6fc78cb152b50ad59c85aa","name":"Massimo Marano","image":{"@type":"ImageObject","inLanguage":"it-IT","@id":"https:\/\/secure.gravatar.com\/avatar\/7ddd8ba0746db06b7c84942ad02477af09b2abfd2475de3bc2e392389009f56e?s=96&d=mm&r=g","url":"https:\/\/secure.gravatar.com\/avatar\/7ddd8ba0746db06b7c84942ad02477af09b2abfd2475de3bc2e392389009f56e?s=96&d=mm&r=g","contentUrl":"https:\/\/secure.gravatar.com\/avatar\/7ddd8ba0746db06b7c84942ad02477af09b2abfd2475de3bc2e392389009f56e?s=96&d=mm&r=g","caption":"Massimo Marano"},"sameAs":["https:\/\/www.journalism-ethic.com\/"]}]}},"_links":{"self":[{"href":"https:\/\/www.journalism-ethic.com\/it\/wp-json\/wp\/v2\/posts\/428","targetHints":{"allow":["GET"]}}],"collection":[{"href":"https:\/\/www.journalism-ethic.com\/it\/wp-json\/wp\/v2\/posts"}],"about":[{"href":"https:\/\/www.journalism-ethic.com\/it\/wp-json\/wp\/v2\/types\/post"}],"author":[{"embeddable":true,"href":"https:\/\/www.journalism-ethic.com\/it\/wp-json\/wp\/v2\/users\/2"}],"replies":[{"embeddable":true,"href":"https:\/\/www.journalism-ethic.com\/it\/wp-json\/wp\/v2\/comments?post=428"}],"version-history":[{"count":6,"href":"https:\/\/www.journalism-ethic.com\/it\/wp-json\/wp\/v2\/posts\/428\/revisions"}],"predecessor-version":[{"id":498,"href":"https:\/\/www.journalism-ethic.com\/it\/wp-json\/wp\/v2\/posts\/428\/revisions\/498"}],"wp:featuredmedia":[{"embeddable":true,"href":"https:\/\/www.journalism-ethic.com\/it\/wp-json\/wp\/v2\/media\/426"}],"wp:attachment":[{"href":"https:\/\/www.journalism-ethic.com\/it\/wp-json\/wp\/v2\/media?parent=428"}],"wp:term":[{"taxonomy":"category","embeddable":true,"href":"https:\/\/www.journalism-ethic.com\/it\/wp-json\/wp\/v2\/categories?post=428"},{"taxonomy":"post_tag","embeddable":true,"href":"https:\/\/www.journalism-ethic.com\/it\/wp-json\/wp\/v2\/tags?post=428"}],"curies":[{"name":"wp","href":"https:\/\/api.w.org\/{rel}","templated":true}]}}