{"id":415,"date":"2025-10-08T08:22:25","date_gmt":"2025-10-08T08:22:25","guid":{"rendered":"https:\/\/www.journalism-ethic.com\/journalismus-und-ethik\/"},"modified":"2025-10-10T13:08:16","modified_gmt":"2025-10-10T13:08:16","slug":"giornalismo-ed-etica-blog","status":"publish","type":"post","link":"https:\/\/www.journalism-ethic.com\/it\/giornalismo-ed-etica-blog\/","title":{"rendered":"Giornalismo ed Etica"},"content":{"rendered":"<div  class='flex_column av-y4zd9-8d5b3654491b235b01a8a9ae0c4ea600 av_two_fifth  avia-builder-el-0  el_before_av_three_fifth  avia-builder-el-first  first flex_column_div  '     ><p>\n<style type=\"text\/css\" data-created_by=\"avia_inline_auto\" id=\"style-css-av-mghpvmen-7e6502e0f34b53a86ee844532ed2ac0b\">\n.avia-image-container.av-mghpvmen-7e6502e0f34b53a86ee844532ed2ac0b img.avia_image{\nbox-shadow:none;\n}\n.avia-image-container.av-mghpvmen-7e6502e0f34b53a86ee844532ed2ac0b .av-image-caption-overlay-center{\ncolor:#ffffff;\n}\n<\/style>\n<div  class='avia-image-container av-mghpvmen-7e6502e0f34b53a86ee844532ed2ac0b av-styling- avia-align-center  avia-builder-el-1  el_before_av_textblock  avia-builder-el-first '   itemprop=\"image\" itemscope=\"itemscope\" itemtype=\"https:\/\/schema.org\/ImageObject\" ><div class=\"avia-image-container-inner\"><div class=\"avia-image-overlay-wrap\"><img decoding=\"async\" class='wp-image-407 avia-img-lazy-loading-not-407 avia_image ' src=\"https:\/\/www.journalism-ethic.com\/wp-content\/uploads\/2025\/10\/Journalismus-und-Ethik.jpg\" alt='Giornalismo ed Etica' title='Journalismus und Ethik'  height=\"404\" width=\"606\"  itemprop=\"thumbnailUrl\" srcset=\"https:\/\/www.journalism-ethic.com\/wp-content\/uploads\/2025\/10\/Journalismus-und-Ethik.jpg 606w, https:\/\/www.journalism-ethic.com\/wp-content\/uploads\/2025\/10\/Journalismus-und-Ethik-300x200.jpg 300w\" sizes=\"(max-width: 606px) 100vw, 606px\" \/><\/div><\/div><\/div><br \/>\n\n<style type=\"text\/css\" data-created_by=\"avia_inline_auto\" id=\"style-css-av-mghqi6j0-2aa8530c4b7d49a9306ca09d3ecc4ed6\">\n#top .av_textblock_section.av-mghqi6j0-2aa8530c4b7d49a9306ca09d3ecc4ed6 .avia_textblock{\nfont-size:12px;\n}\n<\/style>\n<section  class='av_textblock_section av-mghqi6j0-2aa8530c4b7d49a9306ca09d3ecc4ed6 '   itemscope=\"itemscope\" itemtype=\"https:\/\/schema.org\/BlogPosting\" itemprop=\"blogPost\" ><div class='avia_textblock'  itemprop=\"text\" ><p>Foto Paesaggio ferroviario \u2013 Fonte: https:\/\/pxhere.com\/fr\/photo1276322<\/p>\n<\/div><\/section><\/p><\/div><div  class='flex_column av-edwlp-7c56f015d62c429658289b09e1019cb3 av_three_fifth  avia-builder-el-3  el_after_av_two_fifth  el_before_av_social_share  flex_column_div  '     ><p>\n<style type=\"text\/css\" data-created_by=\"avia_inline_auto\" id=\"style-css-av-mghpwua6-3943f373b1832968f4225a1126232344\">\n#top .av-special-heading.av-mghpwua6-3943f373b1832968f4225a1126232344{\npadding-bottom:10px;\n}\nbody .av-special-heading.av-mghpwua6-3943f373b1832968f4225a1126232344 .av-special-heading-tag .heading-char{\nfont-size:25px;\n}\n.av-special-heading.av-mghpwua6-3943f373b1832968f4225a1126232344 .av-subheading{\nfont-size:21px;\n}\n<\/style>\n<div  class='av-special-heading av-mghpwua6-3943f373b1832968f4225a1126232344 av-special-heading-h2 blockquote modern-quote  avia-builder-el-4  el_before_av_textblock  avia-builder-el-first '><h2 class='av-special-heading-tag'  itemprop=\"headline\"  >Giornalismo ed Etica<\/h2><div class='av-subheading av-subheading_below'><p>Due linee parallele come i binari di una ferrovia<\/p>\n<\/div><div class=\"special-heading-border\"><div class=\"special-heading-inner-border\"><\/div><\/div><\/div><br \/>\n<section  class='av_textblock_section av-mghpw9rb-c9890fcb59afc6d008be963e3afcd328 '   itemscope=\"itemscope\" itemtype=\"https:\/\/schema.org\/BlogPosting\" itemprop=\"blogPost\" ><div class='avia_textblock'  itemprop=\"text\" ><p>A <strong>dicembre del 2023<\/strong> si \u00e8 tenuto a Bressanone il primo Convegno Internazionale di Etica e Giornalismo, due termini che forse non sempre possono essere abbinati l\u2019uno all\u2019altro, ma che dovrebbero rappresentare due linee parallele, come i binari di una ferrovia.<\/p>\n<p>La professione del giornalista oggi \u00e8 cambiata molto rispetto agli anni addietro quando internet e i social media dovevano ancora nascere. Oggi con la rapida diffusione di notizie, che spesso poi si accavallano, si intrecciano fino a creare a volte confusione, il compito del giornalista dovrebbe essere di informare in modo neutrale, senza alcuna omissione.<\/p>\n<p>Negli ultimi anni il mondo intero \u00e8 stato travolto da eventi che hanno avuto e hanno ancora un grande effetto sulla vita quotidiana delle persone: dal Covid, alla guerra tra Russia e Ucraina per poi arrivare al dramma della Palestina.<\/p>\n<p>Basta prendere questi tre avvenimenti come esempio: quante notizie sono state diffuse e poi a breve o lungo termine smentite. Quante volte un Paese o un governo \u00e8 stato accusato dalla stampa di aver commesso un reato, di non aver rispettato le regole internazionali e poi \u00e8 venuta a galla una verit\u00e0 completamente diversa.<\/p>\n<p>Ecco, il giornalismo non dovrebbe essere propaganda per favorire un partito, un governo o solo anche una trasmissione televisiva, il giornalismo dovrebbe raccontare la verit\u00e0 e non tacerla.<\/p>\n<p>Questo il motivo per cui il<strong> 21 marzo 2026 si terr\u00e0 a Merano il secondo convegno internazionale<\/strong> che riguarda proprio il giornalismo e l\u2019etica.<\/p>\n<p>Massimo Marano<\/p>\n<\/div><\/section><\/p><\/div><\/p>\n<div  class='av-social-sharing-box av-mghqfirb-376e7f878f192712be6c3d9bdf0e5a86 av-social-sharing-box-default  avia-builder-el-6  el_after_av_three_fifth  avia-builder-el-last  av-social-sharing-box-fullwidth'><div class=\"av-share-box\"><h5 class='av-share-link-description av-no-toc '>SHARE IT!<\/h5><ul class=\"av-share-box-list noLightbox\"><li class='av-share-link av-social-link-facebook' ><a target=\"_blank\" aria-label=\"Condividi su Facebook\" href=\"https:\/\/www.facebook.com\/sharer.php?u=https:\/\/www.journalism-ethic.com\/it\/giornalismo-ed-etica-blog\/&amp;t=Giornalismo%20ed%20Etica\" aria-hidden=\"false\" data-av_icon=\"\ue8f3\" data-av_iconfont=\"entypo-fontello\" title=\"\" data-avia-related-tooltip=\"Condividi su Facebook\" rel=\"noopener\"><span class='avia_hidden_link_text'>Condividi su Facebook<\/span><\/a><\/li><li class='av-share-link av-social-link-whatsapp' ><a target=\"_blank\" aria-label=\"Condividi su WhatsApp\" href=\"https:\/\/api.whatsapp.com\/send?text=https:\/\/www.journalism-ethic.com\/it\/giornalismo-ed-etica-blog\/\" aria-hidden=\"false\" data-av_icon=\"\uf232\" data-av_iconfont=\"entypo-fontello\" title=\"\" data-avia-related-tooltip=\"Condividi su WhatsApp\" rel=\"noopener\"><span class='avia_hidden_link_text'>Condividi su WhatsApp<\/span><\/a><\/li><li class='av-share-link av-social-link-linkedin' ><a target=\"_blank\" aria-label=\"Condividi su LinkedIn\" href=\"https:\/\/linkedin.com\/shareArticle?mini=true&amp;title=Giornalismo%20ed%20Etica&amp;url=https:\/\/www.journalism-ethic.com\/it\/giornalismo-ed-etica-blog\/\" aria-hidden=\"false\" data-av_icon=\"\ue8fc\" data-av_iconfont=\"entypo-fontello\" title=\"\" data-avia-related-tooltip=\"Condividi su LinkedIn\" rel=\"noopener\"><span class='avia_hidden_link_text'>Condividi su LinkedIn<\/span><\/a><\/li><li class='av-share-link av-social-link-mail' ><a  aria-label=\"Condividi attraverso Mail\" href='mailto:?subject=Giornalismo%20ed%20Etica&#038;body=https:\/\/www.journalism-ethic.com\/it\/giornalismo-ed-etica-blog\/' aria-hidden='false' data-av_icon='\ue805' data-av_iconfont='entypo-fontello' title='' data-avia-related-tooltip='Condividi attraverso Mail'><span class='avia_hidden_link_text'>Condividi attraverso Mail<\/span><\/a><\/li><\/ul><\/div><\/div>\n","protected":false},"excerpt":{"rendered":"","protected":false},"author":2,"featured_media":407,"comment_status":"closed","ping_status":"open","sticky":false,"template":"","format":"standard","meta":{"footnotes":""},"categories":[2],"tags":[],"class_list":["post-415","post","type-post","status-publish","format-standard","has-post-thumbnail","hentry","category-news"],"yoast_head":"<!-- This site is optimized with the Yoast SEO plugin v28.4 - https:\/\/yoast.com\/product\/yoast-seo-wordpress\/ -->\n<title>Giornalismo ed Etica - Giornalismo &amp; Etica<\/title>\n<meta name=\"description\" content=\"Giornalismo ed Etica: A dicembre del 2023 si \u00e8 tenuto a Bressanone il primo Convegno Internazionale di Etica e Giornalismo, due termini ...\" \/>\n<meta name=\"robots\" content=\"noindex, follow\" \/>\n<meta property=\"og:locale\" content=\"it_IT\" \/>\n<meta property=\"og:type\" content=\"article\" \/>\n<meta property=\"og:title\" content=\"Giornalismo ed Etica - Giornalismo &amp; Etica\" \/>\n<meta property=\"og:description\" content=\"Giornalismo ed Etica: A dicembre del 2023 si \u00e8 tenuto a Bressanone il primo Convegno Internazionale di Etica e Giornalismo, due termini ...\" \/>\n<meta property=\"og:url\" content=\"https:\/\/www.journalism-ethic.com\/it\/giornalismo-ed-etica-blog\/\" \/>\n<meta property=\"og:site_name\" content=\"Giornalismo &amp; Etica\" \/>\n<meta property=\"article:published_time\" content=\"2025-10-08T08:22:25+00:00\" \/>\n<meta property=\"article:modified_time\" content=\"2025-10-10T13:08:16+00:00\" \/>\n<meta property=\"og:image\" content=\"https:\/\/www.journalism-ethic.com\/wp-content\/uploads\/2025\/10\/Journalismus-und-Ethik.jpg\" \/>\n\t<meta property=\"og:image:width\" content=\"606\" \/>\n\t<meta property=\"og:image:height\" content=\"404\" \/>\n\t<meta property=\"og:image:type\" content=\"image\/jpeg\" \/>\n<meta name=\"author\" content=\"Massimo Marano\" \/>\n<meta name=\"twitter:card\" content=\"summary_large_image\" \/>\n<script type=\"application\/ld+json\" class=\"yoast-schema-graph\">{\"@context\":\"https:\\\/\\\/schema.org\",\"@graph\":[{\"@type\":\"Article\",\"@id\":\"https:\\\/\\\/www.journalism-ethic.com\\\/it\\\/giornalismo-ed-etica-blog\\\/#article\",\"isPartOf\":{\"@id\":\"https:\\\/\\\/www.journalism-ethic.com\\\/it\\\/giornalismo-ed-etica-blog\\\/\"},\"author\":{\"name\":\"Massimo Marano\",\"@id\":\"https:\\\/\\\/www.journalism-ethic.com\\\/it\\\/#\\\/schema\\\/person\\\/51780f6f2e6fc78cb152b50ad59c85aa\"},\"headline\":\"Giornalismo ed Etica\",\"datePublished\":\"2025-10-08T08:22:25+00:00\",\"dateModified\":\"2025-10-10T13:08:16+00:00\",\"mainEntityOfPage\":{\"@id\":\"https:\\\/\\\/www.journalism-ethic.com\\\/it\\\/giornalismo-ed-etica-blog\\\/\"},\"wordCount\":1532,\"publisher\":{\"@id\":\"https:\\\/\\\/www.journalism-ethic.com\\\/it\\\/#organization\"},\"image\":{\"@id\":\"https:\\\/\\\/www.journalism-ethic.com\\\/it\\\/giornalismo-ed-etica-blog\\\/#primaryimage\"},\"thumbnailUrl\":\"https:\\\/\\\/www.journalism-ethic.com\\\/wp-content\\\/uploads\\\/2025\\\/10\\\/Journalismus-und-Ethik.jpg\",\"articleSection\":[\"News\"],\"inLanguage\":\"it-IT\"},{\"@type\":\"WebPage\",\"@id\":\"https:\\\/\\\/www.journalism-ethic.com\\\/it\\\/giornalismo-ed-etica-blog\\\/\",\"url\":\"https:\\\/\\\/www.journalism-ethic.com\\\/it\\\/giornalismo-ed-etica-blog\\\/\",\"name\":\"Giornalismo ed Etica - Giornalismo & Etica\",\"isPartOf\":{\"@id\":\"https:\\\/\\\/www.journalism-ethic.com\\\/it\\\/#website\"},\"primaryImageOfPage\":{\"@id\":\"https:\\\/\\\/www.journalism-ethic.com\\\/it\\\/giornalismo-ed-etica-blog\\\/#primaryimage\"},\"image\":{\"@id\":\"https:\\\/\\\/www.journalism-ethic.com\\\/it\\\/giornalismo-ed-etica-blog\\\/#primaryimage\"},\"thumbnailUrl\":\"https:\\\/\\\/www.journalism-ethic.com\\\/wp-content\\\/uploads\\\/2025\\\/10\\\/Journalismus-und-Ethik.jpg\",\"datePublished\":\"2025-10-08T08:22:25+00:00\",\"dateModified\":\"2025-10-10T13:08:16+00:00\",\"description\":\"Giornalismo ed Etica: A dicembre del 2023 si \u00e8 tenuto a Bressanone il primo Convegno Internazionale di Etica e Giornalismo, due termini ...\",\"breadcrumb\":{\"@id\":\"https:\\\/\\\/www.journalism-ethic.com\\\/it\\\/giornalismo-ed-etica-blog\\\/#breadcrumb\"},\"inLanguage\":\"it-IT\",\"potentialAction\":[{\"@type\":\"ReadAction\",\"target\":[\"https:\\\/\\\/www.journalism-ethic.com\\\/it\\\/giornalismo-ed-etica-blog\\\/\"]}]},{\"@type\":\"ImageObject\",\"inLanguage\":\"it-IT\",\"@id\":\"https:\\\/\\\/www.journalism-ethic.com\\\/it\\\/giornalismo-ed-etica-blog\\\/#primaryimage\",\"url\":\"https:\\\/\\\/www.journalism-ethic.com\\\/wp-content\\\/uploads\\\/2025\\\/10\\\/Journalismus-und-Ethik.jpg\",\"contentUrl\":\"https:\\\/\\\/www.journalism-ethic.com\\\/wp-content\\\/uploads\\\/2025\\\/10\\\/Journalismus-und-Ethik.jpg\",\"width\":606,\"height\":404,\"caption\":\"Giornalismo ed Etica\"},{\"@type\":\"BreadcrumbList\",\"@id\":\"https:\\\/\\\/www.journalism-ethic.com\\\/it\\\/giornalismo-ed-etica-blog\\\/#breadcrumb\",\"itemListElement\":[{\"@type\":\"ListItem\",\"position\":1,\"name\":\"Startseite\",\"item\":\"https:\\\/\\\/www.journalism-ethic.com\\\/it\\\/giornalismo-ed-etica\\\/\"},{\"@type\":\"ListItem\",\"position\":2,\"name\":\"Giornalismo ed Etica\"}]},{\"@type\":\"WebSite\",\"@id\":\"https:\\\/\\\/www.journalism-ethic.com\\\/it\\\/#website\",\"url\":\"https:\\\/\\\/www.journalism-ethic.com\\\/it\\\/\",\"name\":\"Journalism & Ethic\",\"description\":\"Telefilm Film &amp; Communication\",\"publisher\":{\"@id\":\"https:\\\/\\\/www.journalism-ethic.com\\\/it\\\/#organization\"},\"potentialAction\":[{\"@type\":\"SearchAction\",\"target\":{\"@type\":\"EntryPoint\",\"urlTemplate\":\"https:\\\/\\\/www.journalism-ethic.com\\\/it\\\/?s={search_term_string}\"},\"query-input\":{\"@type\":\"PropertyValueSpecification\",\"valueRequired\":true,\"valueName\":\"search_term_string\"}}],\"inLanguage\":\"it-IT\"},{\"@type\":\"Organization\",\"@id\":\"https:\\\/\\\/www.journalism-ethic.com\\\/it\\\/#organization\",\"name\":\"Telefilm Film & Communication\",\"url\":\"https:\\\/\\\/www.journalism-ethic.com\\\/it\\\/\",\"logo\":{\"@type\":\"ImageObject\",\"inLanguage\":\"it-IT\",\"@id\":\"https:\\\/\\\/www.journalism-ethic.com\\\/it\\\/#\\\/schema\\\/logo\\\/image\\\/\",\"url\":\"https:\\\/\\\/www.journalism-ethic.com\\\/wp-content\\\/uploads\\\/2023\\\/07\\\/telefilm_logo-SEO-quadrat-2023.png\",\"contentUrl\":\"https:\\\/\\\/www.journalism-ethic.com\\\/wp-content\\\/uploads\\\/2023\\\/07\\\/telefilm_logo-SEO-quadrat-2023.png\",\"width\":700,\"height\":700,\"caption\":\"Telefilm Film & Communication\"},\"image\":{\"@id\":\"https:\\\/\\\/www.journalism-ethic.com\\\/it\\\/#\\\/schema\\\/logo\\\/image\\\/\"}},{\"@type\":\"Person\",\"@id\":\"https:\\\/\\\/www.journalism-ethic.com\\\/it\\\/#\\\/schema\\\/person\\\/51780f6f2e6fc78cb152b50ad59c85aa\",\"name\":\"Massimo Marano\",\"image\":{\"@type\":\"ImageObject\",\"inLanguage\":\"it-IT\",\"@id\":\"https:\\\/\\\/secure.gravatar.com\\\/avatar\\\/7ddd8ba0746db06b7c84942ad02477af09b2abfd2475de3bc2e392389009f56e?s=96&d=mm&r=g\",\"url\":\"https:\\\/\\\/secure.gravatar.com\\\/avatar\\\/7ddd8ba0746db06b7c84942ad02477af09b2abfd2475de3bc2e392389009f56e?s=96&d=mm&r=g\",\"contentUrl\":\"https:\\\/\\\/secure.gravatar.com\\\/avatar\\\/7ddd8ba0746db06b7c84942ad02477af09b2abfd2475de3bc2e392389009f56e?s=96&d=mm&r=g\",\"caption\":\"Massimo Marano\"},\"sameAs\":[\"https:\\\/\\\/www.journalism-ethic.com\\\/\"]}]}<\/script>\n<!-- \/ Yoast SEO plugin. -->","yoast_head_json":{"title":"Giornalismo ed Etica - Giornalismo & Etica","description":"Giornalismo ed Etica: A dicembre del 2023 si \u00e8 tenuto a Bressanone il primo Convegno Internazionale di Etica e Giornalismo, due termini ...","robots":{"index":"noindex","follow":"follow"},"og_locale":"it_IT","og_type":"article","og_title":"Giornalismo ed Etica - Giornalismo & Etica","og_description":"Giornalismo ed Etica: A dicembre del 2023 si \u00e8 tenuto a Bressanone il primo Convegno Internazionale di Etica e Giornalismo, due termini ...","og_url":"https:\/\/www.journalism-ethic.com\/it\/giornalismo-ed-etica-blog\/","og_site_name":"Giornalismo & Etica","article_published_time":"2025-10-08T08:22:25+00:00","article_modified_time":"2025-10-10T13:08:16+00:00","og_image":[{"width":606,"height":404,"url":"https:\/\/www.journalism-ethic.com\/wp-content\/uploads\/2025\/10\/Journalismus-und-Ethik.jpg","type":"image\/jpeg"}],"author":"Massimo Marano","twitter_card":"summary_large_image","schema":{"@context":"https:\/\/schema.org","@graph":[{"@type":"Article","@id":"https:\/\/www.journalism-ethic.com\/it\/giornalismo-ed-etica-blog\/#article","isPartOf":{"@id":"https:\/\/www.journalism-ethic.com\/it\/giornalismo-ed-etica-blog\/"},"author":{"name":"Massimo Marano","@id":"https:\/\/www.journalism-ethic.com\/it\/#\/schema\/person\/51780f6f2e6fc78cb152b50ad59c85aa"},"headline":"Giornalismo ed Etica","datePublished":"2025-10-08T08:22:25+00:00","dateModified":"2025-10-10T13:08:16+00:00","mainEntityOfPage":{"@id":"https:\/\/www.journalism-ethic.com\/it\/giornalismo-ed-etica-blog\/"},"wordCount":1532,"publisher":{"@id":"https:\/\/www.journalism-ethic.com\/it\/#organization"},"image":{"@id":"https:\/\/www.journalism-ethic.com\/it\/giornalismo-ed-etica-blog\/#primaryimage"},"thumbnailUrl":"https:\/\/www.journalism-ethic.com\/wp-content\/uploads\/2025\/10\/Journalismus-und-Ethik.jpg","articleSection":["News"],"inLanguage":"it-IT"},{"@type":"WebPage","@id":"https:\/\/www.journalism-ethic.com\/it\/giornalismo-ed-etica-blog\/","url":"https:\/\/www.journalism-ethic.com\/it\/giornalismo-ed-etica-blog\/","name":"Giornalismo ed Etica - Giornalismo & Etica","isPartOf":{"@id":"https:\/\/www.journalism-ethic.com\/it\/#website"},"primaryImageOfPage":{"@id":"https:\/\/www.journalism-ethic.com\/it\/giornalismo-ed-etica-blog\/#primaryimage"},"image":{"@id":"https:\/\/www.journalism-ethic.com\/it\/giornalismo-ed-etica-blog\/#primaryimage"},"thumbnailUrl":"https:\/\/www.journalism-ethic.com\/wp-content\/uploads\/2025\/10\/Journalismus-und-Ethik.jpg","datePublished":"2025-10-08T08:22:25+00:00","dateModified":"2025-10-10T13:08:16+00:00","description":"Giornalismo ed Etica: A dicembre del 2023 si \u00e8 tenuto a Bressanone il primo Convegno Internazionale di Etica e Giornalismo, due termini ...","breadcrumb":{"@id":"https:\/\/www.journalism-ethic.com\/it\/giornalismo-ed-etica-blog\/#breadcrumb"},"inLanguage":"it-IT","potentialAction":[{"@type":"ReadAction","target":["https:\/\/www.journalism-ethic.com\/it\/giornalismo-ed-etica-blog\/"]}]},{"@type":"ImageObject","inLanguage":"it-IT","@id":"https:\/\/www.journalism-ethic.com\/it\/giornalismo-ed-etica-blog\/#primaryimage","url":"https:\/\/www.journalism-ethic.com\/wp-content\/uploads\/2025\/10\/Journalismus-und-Ethik.jpg","contentUrl":"https:\/\/www.journalism-ethic.com\/wp-content\/uploads\/2025\/10\/Journalismus-und-Ethik.jpg","width":606,"height":404,"caption":"Giornalismo ed Etica"},{"@type":"BreadcrumbList","@id":"https:\/\/www.journalism-ethic.com\/it\/giornalismo-ed-etica-blog\/#breadcrumb","itemListElement":[{"@type":"ListItem","position":1,"name":"Startseite","item":"https:\/\/www.journalism-ethic.com\/it\/giornalismo-ed-etica\/"},{"@type":"ListItem","position":2,"name":"Giornalismo ed Etica"}]},{"@type":"WebSite","@id":"https:\/\/www.journalism-ethic.com\/it\/#website","url":"https:\/\/www.journalism-ethic.com\/it\/","name":"Journalism & Ethic","description":"Telefilm Film &amp; Communication","publisher":{"@id":"https:\/\/www.journalism-ethic.com\/it\/#organization"},"potentialAction":[{"@type":"SearchAction","target":{"@type":"EntryPoint","urlTemplate":"https:\/\/www.journalism-ethic.com\/it\/?s={search_term_string}"},"query-input":{"@type":"PropertyValueSpecification","valueRequired":true,"valueName":"search_term_string"}}],"inLanguage":"it-IT"},{"@type":"Organization","@id":"https:\/\/www.journalism-ethic.com\/it\/#organization","name":"Telefilm Film & Communication","url":"https:\/\/www.journalism-ethic.com\/it\/","logo":{"@type":"ImageObject","inLanguage":"it-IT","@id":"https:\/\/www.journalism-ethic.com\/it\/#\/schema\/logo\/image\/","url":"https:\/\/www.journalism-ethic.com\/wp-content\/uploads\/2023\/07\/telefilm_logo-SEO-quadrat-2023.png","contentUrl":"https:\/\/www.journalism-ethic.com\/wp-content\/uploads\/2023\/07\/telefilm_logo-SEO-quadrat-2023.png","width":700,"height":700,"caption":"Telefilm Film & Communication"},"image":{"@id":"https:\/\/www.journalism-ethic.com\/it\/#\/schema\/logo\/image\/"}},{"@type":"Person","@id":"https:\/\/www.journalism-ethic.com\/it\/#\/schema\/person\/51780f6f2e6fc78cb152b50ad59c85aa","name":"Massimo Marano","image":{"@type":"ImageObject","inLanguage":"it-IT","@id":"https:\/\/secure.gravatar.com\/avatar\/7ddd8ba0746db06b7c84942ad02477af09b2abfd2475de3bc2e392389009f56e?s=96&d=mm&r=g","url":"https:\/\/secure.gravatar.com\/avatar\/7ddd8ba0746db06b7c84942ad02477af09b2abfd2475de3bc2e392389009f56e?s=96&d=mm&r=g","contentUrl":"https:\/\/secure.gravatar.com\/avatar\/7ddd8ba0746db06b7c84942ad02477af09b2abfd2475de3bc2e392389009f56e?s=96&d=mm&r=g","caption":"Massimo Marano"},"sameAs":["https:\/\/www.journalism-ethic.com\/"]}]}},"_links":{"self":[{"href":"https:\/\/www.journalism-ethic.com\/it\/wp-json\/wp\/v2\/posts\/415","targetHints":{"allow":["GET"]}}],"collection":[{"href":"https:\/\/www.journalism-ethic.com\/it\/wp-json\/wp\/v2\/posts"}],"about":[{"href":"https:\/\/www.journalism-ethic.com\/it\/wp-json\/wp\/v2\/types\/post"}],"author":[{"embeddable":true,"href":"https:\/\/www.journalism-ethic.com\/it\/wp-json\/wp\/v2\/users\/2"}],"replies":[{"embeddable":true,"href":"https:\/\/www.journalism-ethic.com\/it\/wp-json\/wp\/v2\/comments?post=415"}],"version-history":[{"count":5,"href":"https:\/\/www.journalism-ethic.com\/it\/wp-json\/wp\/v2\/posts\/415\/revisions"}],"predecessor-version":[{"id":473,"href":"https:\/\/www.journalism-ethic.com\/it\/wp-json\/wp\/v2\/posts\/415\/revisions\/473"}],"wp:featuredmedia":[{"embeddable":true,"href":"https:\/\/www.journalism-ethic.com\/it\/wp-json\/wp\/v2\/media\/407"}],"wp:attachment":[{"href":"https:\/\/www.journalism-ethic.com\/it\/wp-json\/wp\/v2\/media?parent=415"}],"wp:term":[{"taxonomy":"category","embeddable":true,"href":"https:\/\/www.journalism-ethic.com\/it\/wp-json\/wp\/v2\/categories?post=415"},{"taxonomy":"post_tag","embeddable":true,"href":"https:\/\/www.journalism-ethic.com\/it\/wp-json\/wp\/v2\/tags?post=415"}],"curies":[{"name":"wp","href":"https:\/\/api.w.org\/{rel}","templated":true}]}}